{"id":3428,"date":"2013-10-29T00:00:00","date_gmt":"2013-10-29T00:00:00","guid":{"rendered":"https:\/\/www.bonnier.com\/news\/short-list-for-swedish-grand-prize-for-journalism\/"},"modified":"2013-10-29T00:00:00","modified_gmt":"2013-10-29T00:00:00","slug":"short-list-for-swedish-grand-prize-for-journalism","status":"publish","type":"news","link":"https:\/\/www.bonnier.com\/en\/news\/short-list-for-swedish-grand-prize-for-journalism\/","title":{"rendered":"Short list for Swedish Grand Prize for Journalism"},"content":{"rendered":"<p class=\"initial\">The short list for the Swedish Grand Prize for Journalism was released today at a press conference.<\/p>\n<p>Finalists in the category <strong>Storyteller of the Year<\/strong> were: Josefine H\u00f6kerberg and Roger Turesson, DN Sthlm, Dagens Nyheter for the article series &#8220;Tiggarna i Stockholm&#8221; (beggars in Stockholm); Randi Mossige-Norheim, P1 Dokument\u00e4r, Swedish Radio for the radio documentary &#8220;Narkotikalandet&#8221; (the land of drugs); and Daniel Velasco, P1 Dokument\u00e4r, Swedish Radio for the radio documentary &#8220;Den fastsp\u00e4nda flickan&#8221; (the bound girl).<\/p>\n<p>Finalists in the category <strong>Innovator of the Year<\/strong> were: &nbsp;Lisa Irenius, Upsala Nya Tidning, for e-books and cultural journalism that reaches the farthest margins; Kristoffer Triumf for the podcast V\u00e4rvet; and Kenan Habul, Natalia Kazmierska and Stefan Mattsson, Aftonbladet for their reportage travel throughout Sweden, #v\u00e4lkommen.<\/p>\n<p>Finalists in the category <strong>Scoop of the Year<\/strong> were: Sven Bergman, Joachim Dyfvermark and Fredrik Laurin, Uppdrag Granskning, SVT for the documentary series &#8220;TeliaSonera och marknadsandelar till varje pris&#8221; (TeliaSonera and marketshares at any cost); Niklas Orrenius, Dagens Nyheter for the article series Sk\u00e5nepolisens hemliga register (Sk\u00e5ne police&#8217;s secret list); and David Baas and Christian Holm\u00e9n, Expressen, for their scoop on the Sweden Democrats, iron pipes and zero tolerance.<\/p>\n<p>The finalists received certificates at a lunchtime ceremony. During the ceremony, it was also revealed that TV host Camilla Kvartoft will be the host for the awards ceremony in Stockholm on Nov. 21, where the winners will be announced.<\/p>\n<p>At the November ceremony, the winner of the Lukas Bonnier Grand Prize for Journalism, for lifetime achievement, also will be announced.<\/p>\n<p>The total prize money is worth SEK 100,000 (approximately USD 15,000).<\/p>\n","protected":false},"excerpt":{"rendered":"<p>The short list for the Swedish Grand Prize for Journalism was released today at a press conference. Finalists in the category Storyteller of the Year were: Josefine H\u00f6kerberg and Roger Turesson, DN Sthlm, Dagens Nyheter for the article series &#8220;Tiggarna i Stockholm&#8221; (beggars in Stockholm); Randi Mossige-Norheim, P1 Dokument\u00e4r, Swedish Radio for the radio documentary [&hellip;]<\/p>\n","protected":false},"author":1,"featured_media":3429,"template":"","meta":{"_acf_changed":false},"tags":[16,356,469,235,822,242],"class_list":["post-3428","news","type-news","status-publish","has-post-thumbnail","hentry","tag-lukas-bonniers-stora-journalistpris","tag-newspaper","tag-radio","tag-sweden","tag-swedish-grand-journalism-prize","tag-tv"],"acf":[],"yoast_head":"<!-- This site is optimized with the Yoast SEO plugin v27.5 - https:\/\/yoast.com\/product\/yoast-seo-wordpress\/ -->\n<title>Bonnier - Short list for Swedish Grand Prize for Journalism<\/title>\n<meta name=\"robots\" content=\"index, follow, max-snippet:-1, max-image-preview:large, max-video-preview:-1\" \/>\n<link rel=\"canonical\" href=\"https:\/\/www.bonnier.com\/en\/news\/short-list-for-swedish-grand-prize-for-journalism\/\" \/>\n<meta property=\"og:locale\" content=\"en_US\" \/>\n<meta property=\"og:type\" content=\"article\" \/>\n<meta property=\"og:title\" content=\"Bonnier - Short list for Swedish Grand Prize for Journalism\" \/>\n<meta property=\"og:description\" content=\"The short list for the Swedish Grand Prize for Journalism was released today at a press conference. Finalists in the category Storyteller of the Year were: Josefine H\u00f6kerberg and Roger Turesson, DN Sthlm, Dagens Nyheter for the article series &#8220;Tiggarna i Stockholm&#8221; (beggars in Stockholm); Randi Mossige-Norheim, P1 Dokument\u00e4r, Swedish Radio for the radio documentary [&hellip;]\" \/>\n<meta property=\"og:url\" content=\"https:\/\/www.bonnier.com\/en\/news\/short-list-for-swedish-grand-prize-for-journalism\/\" \/>\n<meta property=\"og:site_name\" content=\"Bonnier\" \/>\n<meta property=\"og:image\" content=\"https:\/\/www.bonnier.com\/wp-content\/uploads\/2021\/05\/httpswww.bonnier.comglobalassetsnews201310-octobersjp-nominerade2013_mb_h-2.jpg\" \/>\n\t<meta property=\"og:image:width\" content=\"640\" \/>\n\t<meta property=\"og:image:height\" content=\"310\" \/>\n\t<meta property=\"og:image:type\" content=\"image\/jpeg\" \/>\n<meta name=\"twitter:card\" content=\"summary_large_image\" \/>\n<meta name=\"twitter:label1\" content=\"Est. reading time\" \/>\n\t<meta name=\"twitter:data1\" content=\"1 minute\" \/>\n<script type=\"application\/ld+json\" class=\"yoast-schema-graph\">{\"@context\":\"https:\\\/\\\/schema.org\",\"@graph\":[{\"@type\":\"Article\",\"@id\":\"https:\\\/\\\/www.bonnier.com\\\/en\\\/news\\\/short-list-for-swedish-grand-prize-for-journalism\\\/#article\",\"isPartOf\":{\"@id\":\"https:\\\/\\\/www.bonnier.com\\\/en\\\/news\\\/short-list-for-swedish-grand-prize-for-journalism\\\/\"},\"author\":{\"name\":\"admin\",\"@id\":\"https:\\\/\\\/www.bonnier.com\\\/#\\\/schema\\\/person\\\/92f77a1e13e7509c5c3214a574b2a88d\"},\"headline\":\"Short list for Swedish Grand Prize for Journalism\",\"datePublished\":\"2013-10-29T00:00:00+00:00\",\"mainEntityOfPage\":{\"@id\":\"https:\\\/\\\/www.bonnier.com\\\/en\\\/news\\\/short-list-for-swedish-grand-prize-for-journalism\\\/\"},\"wordCount\":279,\"image\":{\"@id\":\"https:\\\/\\\/www.bonnier.com\\\/en\\\/news\\\/short-list-for-swedish-grand-prize-for-journalism\\\/#primaryimage\"},\"thumbnailUrl\":\"https:\\\/\\\/www.bonnier.com\\\/wp-content\\\/uploads\\\/2021\\\/05\\\/httpswww.bonnier.comglobalassetsnews201310-octobersjp-nominerade2013_mb_h-2.jpg\",\"keywords\":[\"Lukas Bonniers Stora Journalistpris\",\"Newspaper\",\"Radio\",\"Sweden\",\"Swedish Grand Journalism Prize\",\"TV\"],\"inLanguage\":\"en-US\"},{\"@type\":\"WebPage\",\"@id\":\"https:\\\/\\\/www.bonnier.com\\\/en\\\/news\\\/short-list-for-swedish-grand-prize-for-journalism\\\/\",\"url\":\"https:\\\/\\\/www.bonnier.com\\\/en\\\/news\\\/short-list-for-swedish-grand-prize-for-journalism\\\/\",\"name\":\"Bonnier - Short list for Swedish Grand Prize for Journalism\",\"isPartOf\":{\"@id\":\"https:\\\/\\\/www.bonnier.com\\\/#website\"},\"primaryImageOfPage\":{\"@id\":\"https:\\\/\\\/www.bonnier.com\\\/en\\\/news\\\/short-list-for-swedish-grand-prize-for-journalism\\\/#primaryimage\"},\"image\":{\"@id\":\"https:\\\/\\\/www.bonnier.com\\\/en\\\/news\\\/short-list-for-swedish-grand-prize-for-journalism\\\/#primaryimage\"},\"thumbnailUrl\":\"https:\\\/\\\/www.bonnier.com\\\/wp-content\\\/uploads\\\/2021\\\/05\\\/httpswww.bonnier.comglobalassetsnews201310-octobersjp-nominerade2013_mb_h-2.jpg\",\"datePublished\":\"2013-10-29T00:00:00+00:00\",\"breadcrumb\":{\"@id\":\"https:\\\/\\\/www.bonnier.com\\\/en\\\/news\\\/short-list-for-swedish-grand-prize-for-journalism\\\/#breadcrumb\"},\"inLanguage\":\"en-US\",\"potentialAction\":[{\"@type\":\"ReadAction\",\"target\":[\"https:\\\/\\\/www.bonnier.com\\\/en\\\/news\\\/short-list-for-swedish-grand-prize-for-journalism\\\/\"]}]},{\"@type\":\"ImageObject\",\"inLanguage\":\"en-US\",\"@id\":\"https:\\\/\\\/www.bonnier.com\\\/en\\\/news\\\/short-list-for-swedish-grand-prize-for-journalism\\\/#primaryimage\",\"url\":\"https:\\\/\\\/www.bonnier.com\\\/wp-content\\\/uploads\\\/2021\\\/05\\\/httpswww.bonnier.comglobalassetsnews201310-octobersjp-nominerade2013_mb_h-2.jpg\",\"contentUrl\":\"https:\\\/\\\/www.bonnier.com\\\/wp-content\\\/uploads\\\/2021\\\/05\\\/httpswww.bonnier.comglobalassetsnews201310-octobersjp-nominerade2013_mb_h-2.jpg\",\"width\":640,\"height\":310},{\"@type\":\"BreadcrumbList\",\"@id\":\"https:\\\/\\\/www.bonnier.com\\\/en\\\/news\\\/short-list-for-swedish-grand-prize-for-journalism\\\/#breadcrumb\",\"itemListElement\":[{\"@type\":\"ListItem\",\"position\":1,\"name\":\"Home\",\"item\":\"https:\\\/\\\/www.bonnier.com\\\/en\\\/\"},{\"@type\":\"ListItem\",\"position\":2,\"name\":\"News\",\"item\":\"https:\\\/\\\/www.bonnier.com\\\/en\\\/news\\\/\"},{\"@type\":\"ListItem\",\"position\":3,\"name\":\"Short list for Swedish Grand Prize for Journalism\"}]},{\"@type\":\"WebSite\",\"@id\":\"https:\\\/\\\/www.bonnier.com\\\/#website\",\"url\":\"https:\\\/\\\/www.bonnier.com\\\/\",\"name\":\"Bonnier\",\"description\":\"Nordens ledande medief\u00f6retag\",\"potentialAction\":[{\"@type\":\"SearchAction\",\"target\":{\"@type\":\"EntryPoint\",\"urlTemplate\":\"https:\\\/\\\/www.bonnier.com\\\/?s={search_term_string}\"},\"query-input\":{\"@type\":\"PropertyValueSpecification\",\"valueRequired\":true,\"valueName\":\"search_term_string\"}}],\"inLanguage\":\"en-US\"},{\"@type\":\"Person\",\"@id\":\"https:\\\/\\\/www.bonnier.com\\\/#\\\/schema\\\/person\\\/92f77a1e13e7509c5c3214a574b2a88d\",\"name\":\"admin\",\"image\":{\"@type\":\"ImageObject\",\"inLanguage\":\"en-US\",\"@id\":\"https:\\\/\\\/secure.gravatar.com\\\/avatar\\\/31f2a46c4639ddb71a67f2ce8afe82386e36d06d48e498b84e0ddfa372bbbe5d?s=96&d=mm&r=g\",\"url\":\"https:\\\/\\\/secure.gravatar.com\\\/avatar\\\/31f2a46c4639ddb71a67f2ce8afe82386e36d06d48e498b84e0ddfa372bbbe5d?s=96&d=mm&r=g\",\"contentUrl\":\"https:\\\/\\\/secure.gravatar.com\\\/avatar\\\/31f2a46c4639ddb71a67f2ce8afe82386e36d06d48e498b84e0ddfa372bbbe5d?s=96&d=mm&r=g\",\"caption\":\"admin\"},\"sameAs\":[\"http:\\\/\\\/www.bonnier.com\\\/wp\"]}]}<\/script>\n<!-- \/ Yoast SEO plugin. -->","yoast_head_json":{"title":"Bonnier - Short list for Swedish Grand Prize for Journalism","robots":{"index":"index","follow":"follow","max-snippet":"max-snippet:-1","max-image-preview":"max-image-preview:large","max-video-preview":"max-video-preview:-1"},"canonical":"https:\/\/www.bonnier.com\/en\/news\/short-list-for-swedish-grand-prize-for-journalism\/","og_locale":"en_US","og_type":"article","og_title":"Bonnier - Short list for Swedish Grand Prize for Journalism","og_description":"The short list for the Swedish Grand Prize for Journalism was released today at a press conference. Finalists in the category Storyteller of the Year were: Josefine H\u00f6kerberg and Roger Turesson, DN Sthlm, Dagens Nyheter for the article series &#8220;Tiggarna i Stockholm&#8221; (beggars in Stockholm); Randi Mossige-Norheim, P1 Dokument\u00e4r, Swedish Radio for the radio documentary [&hellip;]","og_url":"https:\/\/www.bonnier.com\/en\/news\/short-list-for-swedish-grand-prize-for-journalism\/","og_site_name":"Bonnier","og_image":[{"width":640,"height":310,"url":"https:\/\/www.bonnier.com\/wp-content\/uploads\/2021\/05\/httpswww.bonnier.comglobalassetsnews201310-octobersjp-nominerade2013_mb_h-2.jpg","type":"image\/jpeg"}],"twitter_card":"summary_large_image","twitter_misc":{"Est. reading time":"1 minute"},"schema":{"@context":"https:\/\/schema.org","@graph":[{"@type":"Article","@id":"https:\/\/www.bonnier.com\/en\/news\/short-list-for-swedish-grand-prize-for-journalism\/#article","isPartOf":{"@id":"https:\/\/www.bonnier.com\/en\/news\/short-list-for-swedish-grand-prize-for-journalism\/"},"author":{"name":"admin","@id":"https:\/\/www.bonnier.com\/#\/schema\/person\/92f77a1e13e7509c5c3214a574b2a88d"},"headline":"Short list for Swedish Grand Prize for Journalism","datePublished":"2013-10-29T00:00:00+00:00","mainEntityOfPage":{"@id":"https:\/\/www.bonnier.com\/en\/news\/short-list-for-swedish-grand-prize-for-journalism\/"},"wordCount":279,"image":{"@id":"https:\/\/www.bonnier.com\/en\/news\/short-list-for-swedish-grand-prize-for-journalism\/#primaryimage"},"thumbnailUrl":"https:\/\/www.bonnier.com\/wp-content\/uploads\/2021\/05\/httpswww.bonnier.comglobalassetsnews201310-octobersjp-nominerade2013_mb_h-2.jpg","keywords":["Lukas Bonniers Stora Journalistpris","Newspaper","Radio","Sweden","Swedish Grand Journalism Prize","TV"],"inLanguage":"en-US"},{"@type":"WebPage","@id":"https:\/\/www.bonnier.com\/en\/news\/short-list-for-swedish-grand-prize-for-journalism\/","url":"https:\/\/www.bonnier.com\/en\/news\/short-list-for-swedish-grand-prize-for-journalism\/","name":"Bonnier - Short list for Swedish Grand Prize for Journalism","isPartOf":{"@id":"https:\/\/www.bonnier.com\/#website"},"primaryImageOfPage":{"@id":"https:\/\/www.bonnier.com\/en\/news\/short-list-for-swedish-grand-prize-for-journalism\/#primaryimage"},"image":{"@id":"https:\/\/www.bonnier.com\/en\/news\/short-list-for-swedish-grand-prize-for-journalism\/#primaryimage"},"thumbnailUrl":"https:\/\/www.bonnier.com\/wp-content\/uploads\/2021\/05\/httpswww.bonnier.comglobalassetsnews201310-octobersjp-nominerade2013_mb_h-2.jpg","datePublished":"2013-10-29T00:00:00+00:00","breadcrumb":{"@id":"https:\/\/www.bonnier.com\/en\/news\/short-list-for-swedish-grand-prize-for-journalism\/#breadcrumb"},"inLanguage":"en-US","potentialAction":[{"@type":"ReadAction","target":["https:\/\/www.bonnier.com\/en\/news\/short-list-for-swedish-grand-prize-for-journalism\/"]}]},{"@type":"ImageObject","inLanguage":"en-US","@id":"https:\/\/www.bonnier.com\/en\/news\/short-list-for-swedish-grand-prize-for-journalism\/#primaryimage","url":"https:\/\/www.bonnier.com\/wp-content\/uploads\/2021\/05\/httpswww.bonnier.comglobalassetsnews201310-octobersjp-nominerade2013_mb_h-2.jpg","contentUrl":"https:\/\/www.bonnier.com\/wp-content\/uploads\/2021\/05\/httpswww.bonnier.comglobalassetsnews201310-octobersjp-nominerade2013_mb_h-2.jpg","width":640,"height":310},{"@type":"BreadcrumbList","@id":"https:\/\/www.bonnier.com\/en\/news\/short-list-for-swedish-grand-prize-for-journalism\/#breadcrumb","itemListElement":[{"@type":"ListItem","position":1,"name":"Home","item":"https:\/\/www.bonnier.com\/en\/"},{"@type":"ListItem","position":2,"name":"News","item":"https:\/\/www.bonnier.com\/en\/news\/"},{"@type":"ListItem","position":3,"name":"Short list for Swedish Grand Prize for Journalism"}]},{"@type":"WebSite","@id":"https:\/\/www.bonnier.com\/#website","url":"https:\/\/www.bonnier.com\/","name":"Bonnier","description":"Nordens ledande medief\u00f6retag","potentialAction":[{"@type":"SearchAction","target":{"@type":"EntryPoint","urlTemplate":"https:\/\/www.bonnier.com\/?s={search_term_string}"},"query-input":{"@type":"PropertyValueSpecification","valueRequired":true,"valueName":"search_term_string"}}],"inLanguage":"en-US"},{"@type":"Person","@id":"https:\/\/www.bonnier.com\/#\/schema\/person\/92f77a1e13e7509c5c3214a574b2a88d","name":"admin","image":{"@type":"ImageObject","inLanguage":"en-US","@id":"https:\/\/secure.gravatar.com\/avatar\/31f2a46c4639ddb71a67f2ce8afe82386e36d06d48e498b84e0ddfa372bbbe5d?s=96&d=mm&r=g","url":"https:\/\/secure.gravatar.com\/avatar\/31f2a46c4639ddb71a67f2ce8afe82386e36d06d48e498b84e0ddfa372bbbe5d?s=96&d=mm&r=g","contentUrl":"https:\/\/secure.gravatar.com\/avatar\/31f2a46c4639ddb71a67f2ce8afe82386e36d06d48e498b84e0ddfa372bbbe5d?s=96&d=mm&r=g","caption":"admin"},"sameAs":["http:\/\/www.bonnier.com\/wp"]}]}},"_links":{"self":[{"href":"https:\/\/www.bonnier.com\/en\/wp-json\/wp\/v2\/news\/3428","targetHints":{"allow":["GET"]}}],"collection":[{"href":"https:\/\/www.bonnier.com\/en\/wp-json\/wp\/v2\/news"}],"about":[{"href":"https:\/\/www.bonnier.com\/en\/wp-json\/wp\/v2\/types\/news"}],"author":[{"embeddable":true,"href":"https:\/\/www.bonnier.com\/en\/wp-json\/wp\/v2\/users\/1"}],"wp:featuredmedia":[{"embeddable":true,"href":"https:\/\/www.bonnier.com\/en\/wp-json\/wp\/v2\/media\/3429"}],"wp:attachment":[{"href":"https:\/\/www.bonnier.com\/en\/wp-json\/wp\/v2\/media?parent=3428"}],"wp:term":[{"taxonomy":"post_tag","embeddable":true,"href":"https:\/\/www.bonnier.com\/en\/wp-json\/wp\/v2\/tags?post=3428"}],"curies":[{"name":"wp","href":"https:\/\/api.w.org\/{rel}","templated":true}]}}