{"id":3771,"date":"2010-11-02T00:00:00","date_gmt":"2010-11-02T00:00:00","guid":{"rendered":"https:\/\/www.bonnier.com\/?p=3771"},"modified":"2010-11-02T00:00:00","modified_gmt":"2010-11-02T00:00:00","slug":"finalists-for-swedens-great-journalist-award-announced","status":"publish","type":"news","link":"https:\/\/www.bonnier.com\/en\/news\/finalists-for-swedens-great-journalist-award-announced\/","title":{"rendered":"Finalists for Sweden&#8217;s Great Journalist Award Announced"},"content":{"rendered":"<p class=\"initial\" style=\"margin: 1.05882em 0px 0px; font-size: 1.0625em; line-height: 1.41176; max-width: 530px; color: #423a34; font-family: georgia, serif;\">The finalists in Sweden&#8217;s No. 1 journalism prize, the&nbsp;<a style=\"color: #423a34; transition: color 0.2s ease-in-out;\" href=\"http:\/\/www.sjp.se\/\" target=\"_blank\">Stora Journalistpriset<\/a>&nbsp;&#8211; the Great Journalist Awards &#8211; were announced in three categories: Storyteller of the Year, Innovator of the Year and Investigator of the Year.<\/p>\n<h4 style=\"margin: 1.2em 0px 0px; font-weight: 400; font-size: 1.25em; line-height: 1.2em; max-width: 530px; color: #423a34; font-family: georgia, serif;\"><strong>Storyteller of the Year finalists<\/strong><\/h4>\n<p style=\"font-size: 1.0625em; line-height: 1.41176; margin-bottom: 0.23529em;\"><strong>Thella Johnson<\/strong>, P3 Dokument\u00e4r, Swedish Radio, Sunday Bloody Sunday. &#8220;For the pitch-perfect portrayal of the British Empire&#8217;s final Sunday via a family&#8217;s fate.&#8221;<\/p>\n<p style=\"font-size: 1.0625em; line-height: 1.41176; margin-bottom: 0.23529em;\"><strong>Maud Nycander,<\/strong> Swedish Television&#8217;s documentary department , Sluten avdelning (closed ward). &#8220;For opening up a closed psychiatric ward and showing the people behind the diagnoses.&#8221;<\/p>\n<p style=\"font-size: 1.0625em; line-height: 1.41176; margin-bottom: 0.23529em;\"><strong>Michael Winiarski<\/strong>, Dagens Nyheter, Reporting from Haiti. &#8220;For brave and heart-felt reporting from a catastrophe.&#8221;<\/p>\n<h4 style=\"margin: 1.2em 0px 0px; font-weight: 400; font-size: 1.25em; line-height: 1.2em; max-width: 530px; color: #423a34; font-family: georgia, serif;\"><strong>Innovator of the Year<\/strong><\/h4>\n<p style=\"font-size: 1.0625em; line-height: 1.41176; margin-bottom: 0.23529em;\"><strong>Helena Bengtsson, Swedish Television, Victoria Gaunitz, Swedish Radio and Kristofer Sj\u00f6holm<\/strong>, Swedish Television, Valpejl Sveriges Radio\/ Sveriges Television (Election tracker Swedish Radio\/Swedish Television). &#8220;For an easily accessible database that has renewed political journalism and lets voters keep complete track.&#8221;<\/p>\n<p style=\"font-size: 1.0625em; line-height: 1.41176; margin-bottom: 0.23529em;\"><strong>Lena Sundstr\u00f6m<\/strong> TV4, Dom kallas rasister (They&#8217;re called racists). &#8220;For coming to grips with her antagonists in an unexpected fashion and letting them reveal themselves.&#8221;<\/p>\n<p style=\"font-size: 1.0625em; line-height: 1.41176; margin-bottom: 0.23529em;\"><strong>Alexandra Hernadi, Kristian Lindquist, Tobias Olsson<\/strong>, Svenska Dagbladet, Realtidsgr\u00e4v (Realtime backhoe). &#8220;For using new journalistic methods to show how investigation can be developed together with readers with complete transparency.&#8221;<\/p>\n<h4 style=\"margin: 1.2em 0px 0px; font-weight: 400; font-size: 1.25em; line-height: 1.2em; max-width: 530px; color: #423a34; font-family: georgia, serif;\"><strong>Investigator of the Year<\/strong><\/h4>\n<p style=\"font-size: 1.0625em; line-height: 1.41176; margin-bottom: 0.23529em;\"><strong>Hasse Johansson and Nicke Nordmark<\/strong>, Uppdrag Granskning (Mission check), Swedish Television, Den andra v\u00e5ldt\u00e4kten (The other rape). &#8220;For revealing how a victim was persecuted when an Internet mob got out of control and adults failed to respond.&#8221;<\/p>\n<p style=\"font-size: 1.0625em; line-height: 1.41176; margin-bottom: 0.23529em;\"><strong>Bo G\u00f6ran Bodin and Daniel Velasco<\/strong>, Ekot (The echo), Swedish Radio, Fallet Johan (The Johan case). &#8220;For a series on a 24-year-old&#8217;s death, the arrogance of the powerful and police brutality that didn&#8217;t end with Osmo Vallo.&#8221;<\/p>\n<p style=\"font-size: 1.0625em; line-height: 1.41176; margin-bottom: 0.23529em;\"><strong>Nils Hanson and Janne Josefsson<\/strong>, Uppdrag Granskning (Mission check), Swedish Television, Muth\u00e4rvan i G\u00f6teborg (The bribery mess in G\u00f6teborg). &#8220;For revealing the naivet\u00e9 around everyday corruption in Sweden&#8217;s No. 2 city.&#8221;<\/p>\n<hr \/>\n<p style=\"margin: 1.05882em 0px 0px; font-size: 1.0625em; line-height: 1.41176; max-width: 530px; color: #423a34; font-family: georgia, serif;\">&nbsp;<em>The winner of Lukas Bonnier&#8217;s Great Journalist Award will be announced at the awards ceremony on Nov. 25.<\/em><\/p>\n<p style=\"margin: 1.05882em 0px 0px; font-size: 1.0625em; line-height: 1.41176; max-width: 530px; color: #423a34; font-family: georgia, serif;\">The finalists aren&#8217;t the only news for this year. A new website has been launched and the presenter for this year will be Swedish Television journalist Karin H\u00fcbinette.<\/p>\n<p style=\"margin: 1.05882em 0px 0px; font-size: 1.0625em; line-height: 1.41176; max-width: 530px; color: #423a34; font-family: georgia, serif;\">The role of presenter goes to one of Sweden&#8217;s most talented journalists and interviewers, says jury member Stefan Mehr, responsible for the operation of the jury, who has been the presenter for the past 13 years.<\/p>\n<p style=\"margin: 1.05882em 0px 0px; font-size: 1.0625em; line-height: 1.41176; max-width: 530px; color: #423a34; font-family: georgia, serif;\">&#8220;The idea is that it should be as prestigious as possible to be a member of the jury,&#8221; says Mehr. &#8220;We&#8217;re extremely happy that Karin is presenting this year, she did a wonderful job covering the elections. She was even heavily involved in choosing this year&#8217;s international guest for the awards ceremony in November, Misha Glenny.<\/p>\n<p style=\"margin: 1.05882em 0px 0px; font-size: 1.0625em; line-height: 1.41176; max-width: 530px; color: #423a34; font-family: georgia, serif;\">Also new this year is an increase in the prize money, which has gone up to SEK 100,000 per category.<\/p>\n","protected":false},"excerpt":{"rendered":"<p>The finalists in Sweden&#8217;s No. 1 journalism prize, the&nbsp;Stora Journalistpriset&nbsp;&#8211; the Great Journalist Awards &#8211; were announced in three categories: Storyteller of the Year, Innovator of the Year and Investigator of the Year. Storyteller of the Year finalists Thella Johnson, P3 Dokument\u00e4r, Swedish Radio, Sunday Bloody Sunday. &#8220;For the pitch-perfect portrayal of the British Empire&#8217;s [&hellip;]<\/p>\n","protected":false},"author":1,"featured_media":3772,"template":"","meta":{"_acf_changed":false},"tags":[16,525,356,469,687,15,235],"class_list":["post-3771","news","type-news","status-publish","has-post-thumbnail","hentry","tag-lukas-bonniers-stora-journalistpris","tag-nedre-manilla","tag-newspaper","tag-radio","tag-stefan-mehr","tag-stora-journalistpriset","tag-sweden"],"acf":[],"yoast_head":"<!-- This site is optimized with the Yoast SEO plugin v27.5 - https:\/\/yoast.com\/product\/yoast-seo-wordpress\/ -->\n<title>Bonnier - Finalists for Sweden&#039;s Great Journalist Award Announced<\/title>\n<meta name=\"robots\" content=\"index, follow, max-snippet:-1, max-image-preview:large, max-video-preview:-1\" \/>\n<link rel=\"canonical\" href=\"https:\/\/www.bonnier.com\/en\/news\/finalists-for-swedens-great-journalist-award-announced\/\" \/>\n<meta property=\"og:locale\" content=\"en_US\" \/>\n<meta property=\"og:type\" content=\"article\" \/>\n<meta property=\"og:title\" content=\"Bonnier - Finalists for Sweden&#039;s Great Journalist Award Announced\" \/>\n<meta property=\"og:description\" content=\"The finalists in Sweden&#8217;s No. 1 journalism prize, the&nbsp;Stora Journalistpriset&nbsp;&#8211; the Great Journalist Awards &#8211; were announced in three categories: Storyteller of the Year, Innovator of the Year and Investigator of the Year. Storyteller of the Year finalists Thella Johnson, P3 Dokument\u00e4r, Swedish Radio, Sunday Bloody Sunday. &#8220;For the pitch-perfect portrayal of the British Empire&#8217;s [&hellip;]\" \/>\n<meta property=\"og:url\" content=\"https:\/\/www.bonnier.com\/en\/news\/finalists-for-swedens-great-journalist-award-announced\/\" \/>\n<meta property=\"og:site_name\" content=\"Bonnier\" \/>\n<meta property=\"og:image\" content=\"https:\/\/www.bonnier.com\/wp-content\/uploads\/2021\/05\/httpswww.bonnier.comglobalassetsnews201011-novemberstora_journalistpriset_2010_nominerade_l-1.jpg\" \/>\n\t<meta property=\"og:image:width\" content=\"720\" \/>\n\t<meta property=\"og:image:height\" content=\"360\" \/>\n\t<meta property=\"og:image:type\" content=\"image\/jpeg\" \/>\n<meta name=\"twitter:card\" content=\"summary_large_image\" \/>\n<meta name=\"twitter:label1\" content=\"Est. reading time\" \/>\n\t<meta name=\"twitter:data1\" content=\"2 minutes\" \/>\n<script type=\"application\/ld+json\" class=\"yoast-schema-graph\">{\"@context\":\"https:\\\/\\\/schema.org\",\"@graph\":[{\"@type\":\"Article\",\"@id\":\"https:\\\/\\\/www.bonnier.com\\\/en\\\/news\\\/finalists-for-swedens-great-journalist-award-announced\\\/#article\",\"isPartOf\":{\"@id\":\"https:\\\/\\\/www.bonnier.com\\\/en\\\/news\\\/finalists-for-swedens-great-journalist-award-announced\\\/\"},\"author\":{\"name\":\"admin\",\"@id\":\"https:\\\/\\\/www.bonnier.com\\\/#\\\/schema\\\/person\\\/92f77a1e13e7509c5c3214a574b2a88d\"},\"headline\":\"Finalists for Sweden&#8217;s Great Journalist Award Announced\",\"datePublished\":\"2010-11-02T00:00:00+00:00\",\"mainEntityOfPage\":{\"@id\":\"https:\\\/\\\/www.bonnier.com\\\/en\\\/news\\\/finalists-for-swedens-great-journalist-award-announced\\\/\"},\"wordCount\":497,\"image\":{\"@id\":\"https:\\\/\\\/www.bonnier.com\\\/en\\\/news\\\/finalists-for-swedens-great-journalist-award-announced\\\/#primaryimage\"},\"thumbnailUrl\":\"https:\\\/\\\/www.bonnier.com\\\/wp-content\\\/uploads\\\/2021\\\/05\\\/httpswww.bonnier.comglobalassetsnews201011-novemberstora_journalistpriset_2010_nominerade_l-1.jpg\",\"keywords\":[\"Lukas Bonniers Stora Journalistpris\",\"Nedre Manilla\",\"Newspaper\",\"Radio\",\"Stefan Mehr\",\"Stora Journalistpriset\",\"Sweden\"],\"inLanguage\":\"en-US\"},{\"@type\":\"WebPage\",\"@id\":\"https:\\\/\\\/www.bonnier.com\\\/en\\\/news\\\/finalists-for-swedens-great-journalist-award-announced\\\/\",\"url\":\"https:\\\/\\\/www.bonnier.com\\\/en\\\/news\\\/finalists-for-swedens-great-journalist-award-announced\\\/\",\"name\":\"Bonnier - Finalists for Sweden's Great Journalist Award Announced\",\"isPartOf\":{\"@id\":\"https:\\\/\\\/www.bonnier.com\\\/#website\"},\"primaryImageOfPage\":{\"@id\":\"https:\\\/\\\/www.bonnier.com\\\/en\\\/news\\\/finalists-for-swedens-great-journalist-award-announced\\\/#primaryimage\"},\"image\":{\"@id\":\"https:\\\/\\\/www.bonnier.com\\\/en\\\/news\\\/finalists-for-swedens-great-journalist-award-announced\\\/#primaryimage\"},\"thumbnailUrl\":\"https:\\\/\\\/www.bonnier.com\\\/wp-content\\\/uploads\\\/2021\\\/05\\\/httpswww.bonnier.comglobalassetsnews201011-novemberstora_journalistpriset_2010_nominerade_l-1.jpg\",\"datePublished\":\"2010-11-02T00:00:00+00:00\",\"breadcrumb\":{\"@id\":\"https:\\\/\\\/www.bonnier.com\\\/en\\\/news\\\/finalists-for-swedens-great-journalist-award-announced\\\/#breadcrumb\"},\"inLanguage\":\"en-US\",\"potentialAction\":[{\"@type\":\"ReadAction\",\"target\":[\"https:\\\/\\\/www.bonnier.com\\\/en\\\/news\\\/finalists-for-swedens-great-journalist-award-announced\\\/\"]}]},{\"@type\":\"ImageObject\",\"inLanguage\":\"en-US\",\"@id\":\"https:\\\/\\\/www.bonnier.com\\\/en\\\/news\\\/finalists-for-swedens-great-journalist-award-announced\\\/#primaryimage\",\"url\":\"https:\\\/\\\/www.bonnier.com\\\/wp-content\\\/uploads\\\/2021\\\/05\\\/httpswww.bonnier.comglobalassetsnews201011-novemberstora_journalistpriset_2010_nominerade_l-1.jpg\",\"contentUrl\":\"https:\\\/\\\/www.bonnier.com\\\/wp-content\\\/uploads\\\/2021\\\/05\\\/httpswww.bonnier.comglobalassetsnews201011-novemberstora_journalistpriset_2010_nominerade_l-1.jpg\",\"width\":720,\"height\":360},{\"@type\":\"BreadcrumbList\",\"@id\":\"https:\\\/\\\/www.bonnier.com\\\/en\\\/news\\\/finalists-for-swedens-great-journalist-award-announced\\\/#breadcrumb\",\"itemListElement\":[{\"@type\":\"ListItem\",\"position\":1,\"name\":\"Home\",\"item\":\"https:\\\/\\\/www.bonnier.com\\\/en\\\/\"},{\"@type\":\"ListItem\",\"position\":2,\"name\":\"News\",\"item\":\"https:\\\/\\\/www.bonnier.com\\\/en\\\/news\\\/\"},{\"@type\":\"ListItem\",\"position\":3,\"name\":\"Finalists for Sweden&#8217;s Great Journalist Award Announced\"}]},{\"@type\":\"WebSite\",\"@id\":\"https:\\\/\\\/www.bonnier.com\\\/#website\",\"url\":\"https:\\\/\\\/www.bonnier.com\\\/\",\"name\":\"Bonnier\",\"description\":\"Nordens ledande medief\u00f6retag\",\"potentialAction\":[{\"@type\":\"SearchAction\",\"target\":{\"@type\":\"EntryPoint\",\"urlTemplate\":\"https:\\\/\\\/www.bonnier.com\\\/?s={search_term_string}\"},\"query-input\":{\"@type\":\"PropertyValueSpecification\",\"valueRequired\":true,\"valueName\":\"search_term_string\"}}],\"inLanguage\":\"en-US\"},{\"@type\":\"Person\",\"@id\":\"https:\\\/\\\/www.bonnier.com\\\/#\\\/schema\\\/person\\\/92f77a1e13e7509c5c3214a574b2a88d\",\"name\":\"admin\",\"image\":{\"@type\":\"ImageObject\",\"inLanguage\":\"en-US\",\"@id\":\"https:\\\/\\\/secure.gravatar.com\\\/avatar\\\/31f2a46c4639ddb71a67f2ce8afe82386e36d06d48e498b84e0ddfa372bbbe5d?s=96&d=mm&r=g\",\"url\":\"https:\\\/\\\/secure.gravatar.com\\\/avatar\\\/31f2a46c4639ddb71a67f2ce8afe82386e36d06d48e498b84e0ddfa372bbbe5d?s=96&d=mm&r=g\",\"contentUrl\":\"https:\\\/\\\/secure.gravatar.com\\\/avatar\\\/31f2a46c4639ddb71a67f2ce8afe82386e36d06d48e498b84e0ddfa372bbbe5d?s=96&d=mm&r=g\",\"caption\":\"admin\"},\"sameAs\":[\"http:\\\/\\\/www.bonnier.com\\\/wp\"]}]}<\/script>\n<!-- \/ Yoast SEO plugin. -->","yoast_head_json":{"title":"Bonnier - Finalists for Sweden's Great Journalist Award Announced","robots":{"index":"index","follow":"follow","max-snippet":"max-snippet:-1","max-image-preview":"max-image-preview:large","max-video-preview":"max-video-preview:-1"},"canonical":"https:\/\/www.bonnier.com\/en\/news\/finalists-for-swedens-great-journalist-award-announced\/","og_locale":"en_US","og_type":"article","og_title":"Bonnier - Finalists for Sweden's Great Journalist Award Announced","og_description":"The finalists in Sweden&#8217;s No. 1 journalism prize, the&nbsp;Stora Journalistpriset&nbsp;&#8211; the Great Journalist Awards &#8211; were announced in three categories: Storyteller of the Year, Innovator of the Year and Investigator of the Year. Storyteller of the Year finalists Thella Johnson, P3 Dokument\u00e4r, Swedish Radio, Sunday Bloody Sunday. &#8220;For the pitch-perfect portrayal of the British Empire&#8217;s [&hellip;]","og_url":"https:\/\/www.bonnier.com\/en\/news\/finalists-for-swedens-great-journalist-award-announced\/","og_site_name":"Bonnier","og_image":[{"width":720,"height":360,"url":"https:\/\/www.bonnier.com\/wp-content\/uploads\/2021\/05\/httpswww.bonnier.comglobalassetsnews201011-novemberstora_journalistpriset_2010_nominerade_l-1.jpg","type":"image\/jpeg"}],"twitter_card":"summary_large_image","twitter_misc":{"Est. reading time":"2 minutes"},"schema":{"@context":"https:\/\/schema.org","@graph":[{"@type":"Article","@id":"https:\/\/www.bonnier.com\/en\/news\/finalists-for-swedens-great-journalist-award-announced\/#article","isPartOf":{"@id":"https:\/\/www.bonnier.com\/en\/news\/finalists-for-swedens-great-journalist-award-announced\/"},"author":{"name":"admin","@id":"https:\/\/www.bonnier.com\/#\/schema\/person\/92f77a1e13e7509c5c3214a574b2a88d"},"headline":"Finalists for Sweden&#8217;s Great Journalist Award Announced","datePublished":"2010-11-02T00:00:00+00:00","mainEntityOfPage":{"@id":"https:\/\/www.bonnier.com\/en\/news\/finalists-for-swedens-great-journalist-award-announced\/"},"wordCount":497,"image":{"@id":"https:\/\/www.bonnier.com\/en\/news\/finalists-for-swedens-great-journalist-award-announced\/#primaryimage"},"thumbnailUrl":"https:\/\/www.bonnier.com\/wp-content\/uploads\/2021\/05\/httpswww.bonnier.comglobalassetsnews201011-novemberstora_journalistpriset_2010_nominerade_l-1.jpg","keywords":["Lukas Bonniers Stora Journalistpris","Nedre Manilla","Newspaper","Radio","Stefan Mehr","Stora Journalistpriset","Sweden"],"inLanguage":"en-US"},{"@type":"WebPage","@id":"https:\/\/www.bonnier.com\/en\/news\/finalists-for-swedens-great-journalist-award-announced\/","url":"https:\/\/www.bonnier.com\/en\/news\/finalists-for-swedens-great-journalist-award-announced\/","name":"Bonnier - Finalists for Sweden's Great Journalist Award Announced","isPartOf":{"@id":"https:\/\/www.bonnier.com\/#website"},"primaryImageOfPage":{"@id":"https:\/\/www.bonnier.com\/en\/news\/finalists-for-swedens-great-journalist-award-announced\/#primaryimage"},"image":{"@id":"https:\/\/www.bonnier.com\/en\/news\/finalists-for-swedens-great-journalist-award-announced\/#primaryimage"},"thumbnailUrl":"https:\/\/www.bonnier.com\/wp-content\/uploads\/2021\/05\/httpswww.bonnier.comglobalassetsnews201011-novemberstora_journalistpriset_2010_nominerade_l-1.jpg","datePublished":"2010-11-02T00:00:00+00:00","breadcrumb":{"@id":"https:\/\/www.bonnier.com\/en\/news\/finalists-for-swedens-great-journalist-award-announced\/#breadcrumb"},"inLanguage":"en-US","potentialAction":[{"@type":"ReadAction","target":["https:\/\/www.bonnier.com\/en\/news\/finalists-for-swedens-great-journalist-award-announced\/"]}]},{"@type":"ImageObject","inLanguage":"en-US","@id":"https:\/\/www.bonnier.com\/en\/news\/finalists-for-swedens-great-journalist-award-announced\/#primaryimage","url":"https:\/\/www.bonnier.com\/wp-content\/uploads\/2021\/05\/httpswww.bonnier.comglobalassetsnews201011-novemberstora_journalistpriset_2010_nominerade_l-1.jpg","contentUrl":"https:\/\/www.bonnier.com\/wp-content\/uploads\/2021\/05\/httpswww.bonnier.comglobalassetsnews201011-novemberstora_journalistpriset_2010_nominerade_l-1.jpg","width":720,"height":360},{"@type":"BreadcrumbList","@id":"https:\/\/www.bonnier.com\/en\/news\/finalists-for-swedens-great-journalist-award-announced\/#breadcrumb","itemListElement":[{"@type":"ListItem","position":1,"name":"Home","item":"https:\/\/www.bonnier.com\/en\/"},{"@type":"ListItem","position":2,"name":"News","item":"https:\/\/www.bonnier.com\/en\/news\/"},{"@type":"ListItem","position":3,"name":"Finalists for Sweden&#8217;s Great Journalist Award Announced"}]},{"@type":"WebSite","@id":"https:\/\/www.bonnier.com\/#website","url":"https:\/\/www.bonnier.com\/","name":"Bonnier","description":"Nordens ledande medief\u00f6retag","potentialAction":[{"@type":"SearchAction","target":{"@type":"EntryPoint","urlTemplate":"https:\/\/www.bonnier.com\/?s={search_term_string}"},"query-input":{"@type":"PropertyValueSpecification","valueRequired":true,"valueName":"search_term_string"}}],"inLanguage":"en-US"},{"@type":"Person","@id":"https:\/\/www.bonnier.com\/#\/schema\/person\/92f77a1e13e7509c5c3214a574b2a88d","name":"admin","image":{"@type":"ImageObject","inLanguage":"en-US","@id":"https:\/\/secure.gravatar.com\/avatar\/31f2a46c4639ddb71a67f2ce8afe82386e36d06d48e498b84e0ddfa372bbbe5d?s=96&d=mm&r=g","url":"https:\/\/secure.gravatar.com\/avatar\/31f2a46c4639ddb71a67f2ce8afe82386e36d06d48e498b84e0ddfa372bbbe5d?s=96&d=mm&r=g","contentUrl":"https:\/\/secure.gravatar.com\/avatar\/31f2a46c4639ddb71a67f2ce8afe82386e36d06d48e498b84e0ddfa372bbbe5d?s=96&d=mm&r=g","caption":"admin"},"sameAs":["http:\/\/www.bonnier.com\/wp"]}]}},"_links":{"self":[{"href":"https:\/\/www.bonnier.com\/en\/wp-json\/wp\/v2\/news\/3771","targetHints":{"allow":["GET"]}}],"collection":[{"href":"https:\/\/www.bonnier.com\/en\/wp-json\/wp\/v2\/news"}],"about":[{"href":"https:\/\/www.bonnier.com\/en\/wp-json\/wp\/v2\/types\/news"}],"author":[{"embeddable":true,"href":"https:\/\/www.bonnier.com\/en\/wp-json\/wp\/v2\/users\/1"}],"wp:featuredmedia":[{"embeddable":true,"href":"https:\/\/www.bonnier.com\/en\/wp-json\/wp\/v2\/media\/3772"}],"wp:attachment":[{"href":"https:\/\/www.bonnier.com\/en\/wp-json\/wp\/v2\/media?parent=3771"}],"wp:term":[{"taxonomy":"post_tag","embeddable":true,"href":"https:\/\/www.bonnier.com\/en\/wp-json\/wp\/v2\/tags?post=3771"}],"curies":[{"name":"wp","href":"https:\/\/api.w.org\/{rel}","templated":true}]}}